{"id":2217,"date":"2023-12-20T08:07:16","date_gmt":"2023-12-20T05:07:16","guid":{"rendered":"https:\/\/34wp.com\/2023te-wordpress-inovasyon-ve-topluluga-odaklanma\/"},"modified":"2023-12-20T16:56:22","modified_gmt":"2023-12-20T13:56:22","slug":"2023te-wordpress-inovasyon-ve-topluluga-odaklanma","status":"publish","type":"post","link":"https:\/\/34wp.com\/tr\/2023te-wordpress-inovasyon-ve-topluluga-odaklanma\/","title":{"rendered":"2023&#8217;te WordPress: \u0130novasyon ve Toplulu\u011fa Odaklanma"},"content":{"rendered":"\n<p>State of the Word 2023 etkinli\u011finde WordPress&#8217;in yenilik\u00e7ili\u011fi ve toplum merkezli geli\u015fimi vurguland\u0131. \u0130spanya&#8217;n\u0131n Madrid kentinde d\u00fczenlenen bu etkinlik, WordPress ekosistemindeki en son trendlere, projelere ve gelecek hedeflerine \u0131\u015f\u0131k tuttu. Bu arada, WordPress toplulu\u011fu d\u00fcnyan\u0131n en pop\u00fcler CMS&#8217;sinin 20. y\u0131l\u0131n\u0131 kutlarken, etkinlikte WordPress i\u00e7in yeni teknolojik geli\u015fmeler de tart\u0131\u015f\u0131ld\u0131. <\/p>\n\n<p>WordPress tarihinin en b\u00fcy\u00fck de\u011fi\u015fikliklerinden biri olan Gutenberg projesinin iki faz\u0131n\u0131n tamamland\u0131\u011f\u0131 vurgulan\u0131rken, WordPress ayr\u0131ca ge\u00e7ti\u011fimiz y\u0131la damgas\u0131n\u0131 vuran yapay zeka d\u00f6nemini de es ge\u00e7mediklerini ve yapay zeka entegrasyonlar\u0131n\u0131n WordPress ekosistemine geldi\u011fini ve gelmeye devam edece\u011fini belirtti.<\/p>\n\n<p><strong>\u00d6nemli Noktalar ve Konu\u015fmac\u0131lar<\/strong><\/p>\n\n<ul class=\"wp-block-list\">\n<li><strong>Roc\u00edo Valdivia&#8217;n\u0131n A\u00e7\u0131l\u0131\u015f\u0131<\/strong>: Valdivia, WordPress toplulu\u011funun s\u0131cakl\u0131\u011f\u0131n\u0131 ve tutkusunu vurgulayarak etkinlik i\u00e7in enerjik bir ton belirledi.<\/li>\n\n\n\n<li><strong>Josepha Haden Chomphosy&#8217;nin Katk\u0131lar\u0131<\/strong>: WordPress projesinin y\u00f6netici direkt\u00f6r\u00fc olan Chomphosy, WordPress 6.4&#8217;\u00fcn ba\u015far\u0131s\u0131n\u0131 ve geli\u015ftirilmesinde kad\u0131nlar\u0131n ve yeterince temsil edilmeyen gruplar\u0131n rol\u00fcn\u00fc vurgulad\u0131. Toplumun umut dolu ruhunun alt\u0131n\u0131 \u00e7izdi.<\/li>\n\n\n\n<li><strong>Matt Mullenweg&#8217;in A\u00e7\u0131l\u0131\u015f Konu\u015fmas\u0131<\/strong>: WordPress&#8217;in kurucu orta\u011f\u0131 Mullenweg, platformun 20 y\u0131ll\u0131k yolculu\u011funu ve Gutenberg edit\u00f6r\u00fcn\u00fcn gelecekteki a\u015famalar\u0131n\u0131 ele ald\u0131. Yapay zeka entegrasyonlar\u0131n\u0131n ve WordPress&#8217;in veri \u00f6zg\u00fcrl\u00fc\u011f\u00fcne yeni odaklanmas\u0131n\u0131n \u00f6neminin alt\u0131n\u0131 \u00e7izdi.<\/li>\n<\/ul>\n\n<p><strong>Teknolojik Geli\u015fmeler ve Yenilikler<\/strong><\/p>\n\n<ul class=\"wp-block-list\">\n<li><strong>Gutenberg Yol Haritas\u0131<\/strong>: Mullenweg ve Mat\u00edas Ventura, Gutenberg edit\u00f6r\u00fcn\u00fcn ikinci a\u015famas\u0131n\u0131n tamamland\u0131\u011f\u0131n\u0131 ve bundan sonra i\u015fbirli\u011fi a\u015famas\u0131na odaklan\u0131laca\u011f\u0131n\u0131 duyurdu. Edit\u00f6r performans\u0131nda ve kullan\u0131c\u0131 deneyiminde \u00f6nemli geli\u015fmeler oldu\u011funu vurgulad\u0131lar.<\/li>\n\n\n\n<li><strong>Yapay Zeka Entegrasyonlar\u0131 ve Oyun Alan\u0131<\/strong>: Yapay zekan\u0131n WordPress ekosistemindeki \u00f6nemi vurguland\u0131. Mullenweg, Playground ile yapay zeka entegrasyonlar\u0131n\u0131n kullan\u0131c\u0131lar\u0131n daha yarat\u0131c\u0131 ve etkili bir \u015fekilde \u00e7al\u0131\u015fmas\u0131n\u0131 sa\u011flayaca\u011f\u0131n\u0131 belirtti.<\/li>\n<\/ul>\n\n<p><strong>Veri \u00d6zg\u00fcrl\u00fc\u011f\u00fcne Yeni Yakla\u015f\u0131m<\/strong><\/p>\n\n<ul class=\"wp-block-list\">\n<li><strong>2024&#8217;te Veri \u00d6zg\u00fcrl\u00fc\u011f\u00fc<\/strong>: Mullenweg, farkl\u0131 CMS platformlar\u0131 aras\u0131nda kolay ge\u00e7i\u015fleri kolayla\u015ft\u0131ran yeni ara\u00e7lar ve entegrasyonlar\u0131 i\u00e7eren 2024 i\u00e7in veri \u00f6zg\u00fcrl\u00fc\u011f\u00fcne odaklan\u0131laca\u011f\u0131n\u0131 duyurdu.<\/li>\n<\/ul>\n\n<p><strong>Toplumsal Etkinlikler ve K\u00fcresel Etkile\u015fim<\/strong><\/p>\n\n<ul class=\"wp-block-list\">\n<li><strong>WordCamp&#8217;ler ve Toplant\u0131lar<\/strong>: 2023 y\u0131l\u0131nda 70 WordCamp etkinli\u011fi ve 3.300&#8217;\u00fcn \u00fczerinde toplant\u0131 d\u00fczenlenmesi, WordPress toplulu\u011funun COVID-19 sonras\u0131 g\u00fc\u00e7l\u00fc bir geri d\u00f6n\u00fc\u015f yapt\u0131\u011f\u0131n\u0131 g\u00f6stermektedir.<\/li>\n<\/ul>\n\n<figure class=\"wp-block-embed is-type-video is-provider-youtube wp-block-embed-youtube wp-embed-aspect-16-9 wp-has-aspect-ratio\"><div class=\"wp-block-embed__wrapper\">\n<iframe title=\"Matt Mullenweg: State of the Word 2023\" width=\"640\" height=\"360\" src=\"https:\/\/www.youtube.com\/embed\/c7M4mBVgP3Y?feature=oembed\" frameborder=\"0\" allow=\"accelerometer; autoplay; clipboard-write; encrypted-media; gyroscope; picture-in-picture; web-share\" referrerpolicy=\"strict-origin-when-cross-origin\" allowfullscreen><\/iframe>\n<\/div><\/figure>\n\n<p><strong>Sonu\u00e7 ve Gelecek Vizyonu<\/strong><\/p>\n\n<p>State of the Word 2023, WordPress&#8217;in bir i\u00e7erik y\u00f6netim sisteminden daha fazlas\u0131 oldu\u011funu, kendisini bir topluluk, bir inovasyon platformu ve bir teknoloji lideri olarak konumland\u0131rd\u0131\u011f\u0131n\u0131 g\u00f6sterdi. A\u00e7\u0131k kaynak yakla\u015f\u0131m\u0131 ve topluluk katk\u0131lar\u0131, platformun s\u00fcrekli b\u00fcy\u00fcmesini ve geli\u015fmesini desteklemektedir. Gutenberg&#8217;deki geli\u015fmeler, yapay zeka entegrasyonlar\u0131 ve veri \u00f6zg\u00fcrl\u00fc\u011f\u00fcne odaklanan yeni projeler WordPress&#8217;in gelecekteki y\u00f6n\u00fcn\u00fc \u015fekillendiriyor. Bu etkinlik, WordPress&#8217;in teknoloji ve toplum aras\u0131ndaki etkile\u015fimi nas\u0131l g\u00fc\u00e7lendirdi\u011finin bir kan\u0131t\u0131 oldu ve platformun bir ara\u00e7tan daha fazlas\u0131 oldu\u011funu g\u00f6sterdi.<\/p>\n","protected":false},"excerpt":{"rendered":"<p>State of the Word 2023 etkinli\u011finde WordPress&#8217;in yenilik\u00e7ili\u011fi ve toplum merkezli geli\u015fimi vurguland\u0131. \u0130spanya&#8217;n\u0131n Madrid kentinde d\u00fczenlenen bu etkinlik, WordPress ekosistemindeki en son trendlere, projelere ve gelecek hedeflerine \u0131\u015f\u0131k tuttu. Bu arada, WordPress toplulu\u011fu d\u00fcnyan\u0131n en pop\u00fcler CMS&#8217;sinin 20. y\u0131l\u0131n\u0131 kutlarken, etkinlikte WordPress i\u00e7in yeni teknolojik geli\u015fmeler de tart\u0131\u015f\u0131ld\u0131. WordPress tarihinin en b\u00fcy\u00fck de\u011fi\u015fikliklerinden biri [&hellip;]<\/p>\n","protected":false},"author":7,"featured_media":2184,"comment_status":"closed","ping_status":"closed","sticky":false,"template":"","format":"standard","meta":{"footnotes":""},"categories":[60,59],"tags":[55,56,57],"class_list":["post-2217","post","type-post","status-publish","format-standard","has-post-thumbnail","hentry","category-etkinlikler","category-events","tag-matt-mullenweg-tr","tag-rocio-valdivia-tr","tag-state-of-the-word-tr"],"acf":[],"_links":{"self":[{"href":"https:\/\/34wp.com\/tr\/wp-json\/wp\/v2\/posts\/2217","targetHints":{"allow":["GET"]}}],"collection":[{"href":"https:\/\/34wp.com\/tr\/wp-json\/wp\/v2\/posts"}],"about":[{"href":"https:\/\/34wp.com\/tr\/wp-json\/wp\/v2\/types\/post"}],"author":[{"embeddable":true,"href":"https:\/\/34wp.com\/tr\/wp-json\/wp\/v2\/users\/7"}],"replies":[{"embeddable":true,"href":"https:\/\/34wp.com\/tr\/wp-json\/wp\/v2\/comments?post=2217"}],"version-history":[{"count":4,"href":"https:\/\/34wp.com\/tr\/wp-json\/wp\/v2\/posts\/2217\/revisions"}],"predecessor-version":[{"id":2340,"href":"https:\/\/34wp.com\/tr\/wp-json\/wp\/v2\/posts\/2217\/revisions\/2340"}],"wp:featuredmedia":[{"embeddable":true,"href":"https:\/\/34wp.com\/tr\/wp-json\/wp\/v2\/media\/2184"}],"wp:attachment":[{"href":"https:\/\/34wp.com\/tr\/wp-json\/wp\/v2\/media?parent=2217"}],"wp:term":[{"taxonomy":"category","embeddable":true,"href":"https:\/\/34wp.com\/tr\/wp-json\/wp\/v2\/categories?post=2217"},{"taxonomy":"post_tag","embeddable":true,"href":"https:\/\/34wp.com\/tr\/wp-json\/wp\/v2\/tags?post=2217"}],"curies":[{"name":"wp","href":"https:\/\/api.w.org\/{rel}","templated":true}]}}